{"id":76,"date":"2014-05-25T21:05:07","date_gmt":"2014-05-25T19:05:07","guid":{"rendered":"http:\/\/www.foodx.at\/blog\/?p=76"},"modified":"2014-07-17T01:47:21","modified_gmt":"2014-07-16T23:47:21","slug":"suedwind-strassenfest-2014","status":"publish","type":"post","link":"https:\/\/www.foodx.at\/blog\/suedwind-strassenfest-2014\/","title":{"rendered":"S\u00fcdwind-Stra\u00dfenfest 2014"},"content":{"rendered":"<p><a style=\"clear: left; float: left; margin-bottom: 1em; margin-right: 1em;\" href=\"http:\/\/4.bp.blogspot.com\/-OuA4gXwVGSA\/U4I23mxErzI\/AAAAAAAAJf0\/M-kxbReik2c\/s1600\/su%CC%88dwindfest+1.jpg\"><img loading=\"lazy\" decoding=\"async\" src=\"https:\/\/images-blogger-opensocial.googleusercontent.com\/gadgets\/proxy?url=http%3A%2F%2F4.bp.blogspot.com%2F-OuA4gXwVGSA%2FU4I23mxErzI%2FAAAAAAAAJf0%2FM-kxbReik2c%2Fs1600%2Fsu%25CC%2588dwindfest%2B1.jpg&amp;container=blogger&amp;gadget=a&amp;rewriteMime=image%2F*\" alt=\"\" width=\"320\" height=\"278\" border=\"0\" data-orig-src=\"http:\/\/4.bp.blogspot.com\/-OuA4gXwVGSA\/U4I23mxErzI\/AAAAAAAAJf0\/M-kxbReik2c\/s1600\/su%CC%88dwindfest+1.jpg\" \/><\/a>Schon viele Jahre war ich nicht mehr auf dem S\u00fcdwind-Fest. Nachdem Astrid gesagt hatte, dass sich dort die FoodCoops pr\u00e4sentieren, wollte ich hin und Infos holen. Und nun nehm ich euch alle mit!<!--more--><\/p>\n<p>&nbsp;<\/p>\n<p>Ich habe wirklich gestaunt, wie viel los war: Der Innenhof des Alten AKH ist ja nicht gerade klein, aber der war voll mit Standeln!<\/p>\n<p>&nbsp;<\/p>\n<p><img loading=\"lazy\" decoding=\"async\" src=\"https:\/\/images-blogger-opensocial.googleusercontent.com\/gadgets\/proxy?url=http%3A%2F%2F4.bp.blogspot.com%2F-8iKwjvFhnms%2FU4I28xOGsgI%2FAAAAAAAAJgk%2FDiJFtfSw890%2Fs1600%2Fsu%25CC%2588dwindfest%2B5.jpg&amp;container=blogger&amp;gadget=a&amp;rewriteMime=image%2F*\" alt=\"\" width=\"320\" height=\"238\" border=\"0\" data-orig-src=\"http:\/\/4.bp.blogspot.com\/-8iKwjvFhnms\/U4I28xOGsgI\/AAAAAAAAJgk\/DiJFtfSw890\/s1600\/su%CC%88dwindfest+5.jpg\" \/><\/p>\n<p>Produkte aus vielen Dritte-Welt-L\u00e4ndern gab es zu kaufen. Hier Schmuck aus Afrika &#8211; sorry, ich hab vergessen, aus welchem Land genau.<\/p>\n<p><a style=\"clear: left; float: left; margin-bottom: 1em; margin-right: 1em;\" href=\"http:\/\/4.bp.blogspot.com\/-udQ5kB7HhH4\/U4I26mLMLRI\/AAAAAAAAJf8\/Y22m789U9sc\/s1600\/su%CC%88dwindfest+2.jpg\"><img loading=\"lazy\" decoding=\"async\" src=\"https:\/\/images-blogger-opensocial.googleusercontent.com\/gadgets\/proxy?url=http%3A%2F%2F4.bp.blogspot.com%2F-udQ5kB7HhH4%2FU4I26mLMLRI%2FAAAAAAAAJf8%2FY22m789U9sc%2Fs1600%2Fsu%25CC%2588dwindfest%2B2.jpg&amp;container=blogger&amp;gadget=a&amp;rewriteMime=image%2F*\" alt=\"\" width=\"320\" height=\"240\" border=\"0\" data-orig-src=\"http:\/\/4.bp.blogspot.com\/-udQ5kB7HhH4\/U4I26mLMLRI\/AAAAAAAAJf8\/Y22m789U9sc\/s1600\/su%CC%88dwindfest+2.jpg\" \/><\/a>Nicht nur viele Essen-Standeln boten Veganes an, sondern auch andere Standeln waren rein vegan. Das hier sind Handy-H\u00fcllen aus rein veganen Materialien.<\/p>\n<p><a style=\"clear: left; float: left; margin-bottom: 1em; margin-right: 1em;\" href=\"http:\/\/1.bp.blogspot.com\/-l1xHASGQEVg\/U4I27XLWnGI\/AAAAAAAAJgc\/1JiIOQuImWw\/s1600\/su%CC%88dwindfest+3.jpg\"><img loading=\"lazy\" decoding=\"async\" src=\"https:\/\/images-blogger-opensocial.googleusercontent.com\/gadgets\/proxy?url=http%3A%2F%2F1.bp.blogspot.com%2F-l1xHASGQEVg%2FU4I27XLWnGI%2FAAAAAAAAJgc%2F1JiIOQuImWw%2Fs1600%2Fsu%25CC%2588dwindfest%2B3.jpg&amp;container=blogger&amp;gadget=a&amp;rewriteMime=image%2F*\" alt=\"\" width=\"320\" height=\"279\" border=\"0\" data-orig-src=\"http:\/\/1.bp.blogspot.com\/-l1xHASGQEVg\/U4I27XLWnGI\/AAAAAAAAJgc\/1JiIOQuImWw\/s1600\/su%CC%88dwindfest+3.jpg\" \/><\/a>Bei dem feschen Radler-Leiberl wei\u00df ich nicht, ob das vegan war.<\/p>\n<p>&nbsp;<\/p>\n<p>&nbsp;<\/p>\n<p>&nbsp;<\/p>\n<p>&nbsp;<\/p>\n<p><a style=\"clear: left; float: left; margin-bottom: 1em; margin-right: 1em;\" href=\"http:\/\/3.bp.blogspot.com\/-vhfoRv0d5zM\/U4I24M2gm6I\/AAAAAAAAJfw\/xe8XmAuNmK8\/s1600\/su%CC%88dwindfest+12.jpg\"><img loading=\"lazy\" decoding=\"async\" src=\"https:\/\/images-blogger-opensocial.googleusercontent.com\/gadgets\/proxy?url=http%3A%2F%2F3.bp.blogspot.com%2F-vhfoRv0d5zM%2FU4I24M2gm6I%2FAAAAAAAAJfw%2Fxe8XmAuNmK8%2Fs1600%2Fsu%25CC%2588dwindfest%2B12.jpg&amp;container=blogger&amp;gadget=a&amp;rewriteMime=image%2F*\" alt=\"\" width=\"240\" height=\"320\" border=\"0\" data-orig-src=\"http:\/\/3.bp.blogspot.com\/-vhfoRv0d5zM\/U4I24M2gm6I\/AAAAAAAAJfw\/xe8XmAuNmK8\/s1600\/su%CC%88dwindfest+12.jpg\" \/><\/a>Erstmals war das S\u00fcdwind-Fest ein \u00d6ko-Fest. Es gab also nicht nur \u00fcberall M\u00fcllsammelstellen, sondern es wurden keine Einwegbecher oder -teller verwendet. So etwas freut mich immer.<\/p>\n<p><a style=\"clear: left; float: left; margin-bottom: 1em; margin-right: 1em;\" href=\"http:\/\/1.bp.blogspot.com\/-8tRHJwr_p7g\/U4I28llkywI\/AAAAAAAAJgg\/HHlNnsnizZk\/s1600\/su%CC%88dwindfest+4.jpg\"><img loading=\"lazy\" decoding=\"async\" src=\"https:\/\/images-blogger-opensocial.googleusercontent.com\/gadgets\/proxy?url=http%3A%2F%2F1.bp.blogspot.com%2F-8tRHJwr_p7g%2FU4I28llkywI%2FAAAAAAAAJgg%2FHHlNnsnizZk%2Fs1600%2Fsu%25CC%2588dwindfest%2B4.jpg&amp;container=blogger&amp;gadget=a&amp;rewriteMime=image%2F*\" alt=\"\" width=\"320\" height=\"240\" border=\"0\" data-orig-src=\"http:\/\/1.bp.blogspot.com\/-8tRHJwr_p7g\/U4I28llkywI\/AAAAAAAAJgg\/HHlNnsnizZk\/s1600\/su%CC%88dwindfest+4.jpg\" \/><\/a><\/p>\n<p>&nbsp;<\/p>\n<p>&nbsp;<\/p>\n<p>Und der Lohn f\u00fcr die ganzen M\u00fchen: Viele Leute gingen barfu\u00df, man konnte in der Wiese sitzen oder liegen, ohne Gefahr zu laufen, auf ein Hundstr\u00fcmmerl oder andere Unerfreulichkeiten zu sto\u00dfen.<\/p>\n<p><a style=\"clear: left; float: left; margin-bottom: 1em; margin-right: 1em;\" href=\"http:\/\/1.bp.blogspot.com\/-_O0h30mZ6Ps\/U4I29VBEJWI\/AAAAAAAAJg4\/wNQNkLdoUO0\/s1600\/su%CC%88dwindfest+6.jpg\"><img loading=\"lazy\" decoding=\"async\" src=\"https:\/\/images-blogger-opensocial.googleusercontent.com\/gadgets\/proxy?url=http%3A%2F%2F1.bp.blogspot.com%2F-_O0h30mZ6Ps%2FU4I29VBEJWI%2FAAAAAAAAJg4%2FwNQNkLdoUO0%2Fs1600%2Fsu%25CC%2588dwindfest%2B6.jpg&amp;container=blogger&amp;gadget=a&amp;rewriteMime=image%2F*\" alt=\"\" width=\"320\" height=\"240\" border=\"0\" data-orig-src=\"http:\/\/1.bp.blogspot.com\/-_O0h30mZ6Ps\/U4I29VBEJWI\/AAAAAAAAJg4\/wNQNkLdoUO0\/s1600\/su%CC%88dwindfest+6.jpg\" \/><\/a>Wie sonst auch in der Welt gab es bei dem Fest eine Armutsgrenze, die quer durch verlief.<\/p>\n<p>&nbsp;<\/p>\n<p>&nbsp;<\/p>\n<p>&nbsp;<\/p>\n<p><a style=\"clear: left; float: left; margin-bottom: 1em; margin-right: 1em;\" href=\"http:\/\/3.bp.blogspot.com\/-7ZWJ7VDgHyI\/U4I23ssoHUI\/AAAAAAAAJf4\/evTiM1pd1Q4\/s1600\/su%CC%88dwindfest+10.jpg\"><img loading=\"lazy\" decoding=\"async\" src=\"https:\/\/images-blogger-opensocial.googleusercontent.com\/gadgets\/proxy?url=http%3A%2F%2F3.bp.blogspot.com%2F-7ZWJ7VDgHyI%2FU4I23ssoHUI%2FAAAAAAAAJf4%2FevTiM1pd1Q4%2Fs1600%2Fsu%25CC%2588dwindfest%2B10.jpg&amp;container=blogger&amp;gadget=a&amp;rewriteMime=image%2F*\" alt=\"\" width=\"286\" height=\"320\" border=\"0\" data-orig-src=\"http:\/\/3.bp.blogspot.com\/-7ZWJ7VDgHyI\/U4I23ssoHUI\/AAAAAAAAJf4\/evTiM1pd1Q4\/s1600\/su%CC%88dwindfest+10.jpg\" \/><\/a>Ein Sessel, der ganz eindeutig f\u00fcr junge Menschen designt wurde: Wenn ich mich da reinsetze, laufe ich Gefahr, da nie mehr wieder rauszukommen.<\/p>\n<p>&nbsp;<\/p>\n<p>&nbsp;<\/p>\n<p>&nbsp;<\/p>\n<p><a style=\"clear: left; float: left; margin-bottom: 1em; margin-right: 1em;\" href=\"http:\/\/4.bp.blogspot.com\/-nlX50wJciko\/U4I26MMBamI\/AAAAAAAAJgQ\/Kfddxs7WadY\/s1600\/su%CC%88dwindfest+13.jpg\"><img loading=\"lazy\" decoding=\"async\" src=\"https:\/\/images-blogger-opensocial.googleusercontent.com\/gadgets\/proxy?url=http%3A%2F%2F4.bp.blogspot.com%2F-nlX50wJciko%2FU4I26MMBamI%2FAAAAAAAAJgQ%2FKfddxs7WadY%2Fs1600%2Fsu%25CC%2588dwindfest%2B13.jpg&amp;container=blogger&amp;gadget=a&amp;rewriteMime=image%2F*\" alt=\"\" width=\"240\" height=\"320\" border=\"0\" data-orig-src=\"http:\/\/4.bp.blogspot.com\/-nlX50wJciko\/U4I26MMBamI\/AAAAAAAAJgQ\/Kfddxs7WadY\/s1600\/su%CC%88dwindfest+13.jpg\" \/><\/a>Nicht nur L\u00e4nder, sondern auch viele Orgas pr\u00e4sentierten sich. Hier ein s\u00fc\u00dfer Strampler zur Unterst\u00fctzung von Ute Bock.<\/p>\n<p>\u00a0Wer Frau Bock nicht kennt: www.fraubock.at<\/p>\n<p>&nbsp;<\/p>\n<p>&nbsp;<\/p>\n<p>&nbsp;<\/p>\n<p>&nbsp;<\/p>\n<p><a style=\"clear: left; float: left; margin-bottom: 1em; margin-right: 1em;\" href=\"http:\/\/3.bp.blogspot.com\/-Jmw4Fq6DotU\/U4I23oepEmI\/AAAAAAAAJfo\/xiepSz2lm7k\/s1600\/su%CC%88dwindfest+11.jpg\"><img loading=\"lazy\" decoding=\"async\" src=\"https:\/\/images-blogger-opensocial.googleusercontent.com\/gadgets\/proxy?url=http%3A%2F%2F3.bp.blogspot.com%2F-Jmw4Fq6DotU%2FU4I23oepEmI%2FAAAAAAAAJfo%2FxiepSz2lm7k%2Fs1600%2Fsu%25CC%2588dwindfest%2B11.jpg&amp;container=blogger&amp;gadget=a&amp;rewriteMime=image%2F*\" alt=\"\" width=\"320\" height=\"197\" border=\"0\" data-orig-src=\"http:\/\/3.bp.blogspot.com\/-Jmw4Fq6DotU\/U4I23oepEmI\/AAAAAAAAJfo\/xiepSz2lm7k\/s1600\/su%CC%88dwindfest+11.jpg\" \/><\/a>Trash Free Area war eigentlich das ganze Fest, aber hier gab es Infos zum Upcycling (Wiederverwertung von alten Materialien).<\/p>\n<p><a style=\"clear: left; float: left; margin-bottom: 1em; margin-right: 1em;\" href=\"http:\/\/1.bp.blogspot.com\/-rW1gXccxef8\/U4I290IyhUI\/AAAAAAAAJhA\/8gYrO2ywS1I\/s1600\/su%CC%88dwindfest+8.jpg\"><img loading=\"lazy\" decoding=\"async\" src=\"https:\/\/images-blogger-opensocial.googleusercontent.com\/gadgets\/proxy?url=http%3A%2F%2F1.bp.blogspot.com%2F-rW1gXccxef8%2FU4I290IyhUI%2FAAAAAAAAJhA%2F8gYrO2ywS1I%2Fs1600%2Fsu%25CC%2588dwindfest%2B8.jpg&amp;container=blogger&amp;gadget=a&amp;rewriteMime=image%2F*\" alt=\"\" width=\"320\" height=\"242\" border=\"0\" data-orig-src=\"http:\/\/1.bp.blogspot.com\/-rW1gXccxef8\/U4I290IyhUI\/AAAAAAAAJhA\/8gYrO2ywS1I\/s1600\/su%CC%88dwindfest+8.jpg\" \/><\/a>Da wollte ich hin: Das Standl der FoodCoops. Sehr nett pr\u00e4sentiert, nicht nur mit jeder Menge Infos, sondern auch mit vielen Kostproben. Auch hier der Apfelsaft von &#8222;unserem&#8220; Apfelbauern, dem Fillip.<\/p>\n<p>&nbsp;<\/p>\n<p>Ich bin \u00fcbrigens mit einigen Seed Balls best\u00fcckt von dem Standl gegangen. Mal schauen, ob meine Guerilla Gardening-Versuche in diesem Jahr erfolgreicher sein werden.<\/p>\n<p><a style=\"clear: left; float: left; margin-bottom: 1em; margin-right: 1em;\" href=\"http:\/\/2.bp.blogspot.com\/--C50kGPN-I8\/U4I2-qoEsNI\/AAAAAAAAJhE\/tMKFciFSe4M\/s1600\/su%CC%88dwindfest+9.jpg\"><img loading=\"lazy\" decoding=\"async\" src=\"https:\/\/images-blogger-opensocial.googleusercontent.com\/gadgets\/proxy?url=http%3A%2F%2F2.bp.blogspot.com%2F--C50kGPN-I8%2FU4I2-qoEsNI%2FAAAAAAAAJhE%2FtMKFciFSe4M%2Fs1600%2Fsu%25CC%2588dwindfest%2B9.jpg&amp;container=blogger&amp;gadget=a&amp;rewriteMime=image%2F*\" alt=\"\" width=\"320\" height=\"240\" border=\"0\" data-orig-src=\"http:\/\/2.bp.blogspot.com\/--C50kGPN-I8\/U4I2-qoEsNI\/AAAAAAAAJhE\/tMKFciFSe4M\/s1600\/su%CC%88dwindfest+9.jpg\" \/><\/a>Eine total liebe Frau der Coop L\u00f6wenzahn (12. Bezirk) stand mir nicht nur bei dem Fest mit Rat und Tat zur Seite, sondern sie wird mir auch via Telefon morgen durch die Untiefen von Open Atrium helfen, damit ich die Reisbestellung machen kann. Sie w\u00e4re auch direkt zu mir gekommen, um dir vor Ort zu helfen. Erstaunlich, wie viel Entgegenkommen ich erlebt habe.<\/p>\n<p><a href=\"http:\/\/www.foodx.at\/blog\/wp-content\/uploads\/2014\/05\/su\u0308dwindfest-71.jpg\"><img loading=\"lazy\" decoding=\"async\" class=\"size-medium wp-image-79 alignleft\" src=\"http:\/\/www.foodx.at\/blog\/wp-content\/uploads\/2014\/05\/su\u0308dwindfest-71-222x300.jpg\" alt=\"su\u0308dwindfest 7\" width=\"222\" height=\"300\" srcset=\"https:\/\/www.foodx.at\/blog\/wp-content\/uploads\/2014\/05\/su\u0308dwindfest-71-222x300.jpg 222w, https:\/\/www.foodx.at\/blog\/wp-content\/uploads\/2014\/05\/su\u0308dwindfest-71.jpg 445w\" sizes=\"auto, (max-width: 222px) 100vw, 222px\" \/><\/a><\/p>\n<p>Das Plakat sollte man sich genauer anschauen &#8211; auf das Foto clicken macht es gro\u00df! Es zeigt, wie viel Geld beim Bauern bleibt und wie viel der Konsument bezahlt. Ganz erstaunlich, dass beim normalen Handelsweg der L\u00f6wenanteil beim Handel bleibt.\u00a0<\/p>\n<p class=\"separator\" style=\"clear: both; text-align: center;\"><a style=\"clear: left; float: left; margin-bottom: 1em; margin-right: 1em;\" href=\"http:\/\/1.bp.blogspot.com\/-DhwTdFU_t8c\/U4I26eiB_oI\/AAAAAAAAJgM\/LcKR680raN0\/s1600\/su%CC%88dwindfest+14.jpg\"><img loading=\"lazy\" decoding=\"async\" src=\"https:\/\/images-blogger-opensocial.googleusercontent.com\/gadgets\/proxy?url=http%3A%2F%2F1.bp.blogspot.com%2F-DhwTdFU_t8c%2FU4I26eiB_oI%2FAAAAAAAAJgM%2FLcKR680raN0%2Fs1600%2Fsu%25CC%2588dwindfest%2B14.jpg&amp;container=blogger&amp;gadget=a&amp;rewriteMime=image%2F*\" alt=\"\" width=\"240\" height=\"320\" border=\"0\" data-orig-src=\"http:\/\/1.bp.blogspot.com\/-DhwTdFU_t8c\/U4I26eiB_oI\/AAAAAAAAJgM\/LcKR680raN0\/s1600\/su%CC%88dwindfest+14.jpg\" \/><\/a><\/p>\n<p>&nbsp;<\/p>\n<p>&nbsp;<\/p>\n<p>Und das sch\u00f6nste Motto vom ganzen Fest war das hier! Ich hoffe, das Wetter hat in diesem Bezirk gehalten und hat nicht die sch\u00f6ne Stimmung davongeschwemmt.<\/p>\n","protected":false},"excerpt":{"rendered":"<p>Schon viele Jahre war ich nicht mehr auf dem S\u00fcdwind-Fest. Nachdem Astrid gesagt hatte, dass sich dort die FoodCoops pr\u00e4sentieren, wollte ich hin und Infos holen. Und nun nehm ich euch alle mit!<\/p>\n","protected":false},"author":2,"featured_media":0,"comment_status":"open","ping_status":"open","sticky":false,"template":"","format":"standard","meta":{"footnotes":""},"categories":[4],"tags":[],"class_list":["post-76","post","type-post","status-publish","format-standard","hentry","category-ausfluege"],"_links":{"self":[{"href":"https:\/\/www.foodx.at\/blog\/wp-json\/wp\/v2\/posts\/76","targetHints":{"allow":["GET"]}}],"collection":[{"href":"https:\/\/www.foodx.at\/blog\/wp-json\/wp\/v2\/posts"}],"about":[{"href":"https:\/\/www.foodx.at\/blog\/wp-json\/wp\/v2\/types\/post"}],"author":[{"embeddable":true,"href":"https:\/\/www.foodx.at\/blog\/wp-json\/wp\/v2\/users\/2"}],"replies":[{"embeddable":true,"href":"https:\/\/www.foodx.at\/blog\/wp-json\/wp\/v2\/comments?post=76"}],"version-history":[{"count":9,"href":"https:\/\/www.foodx.at\/blog\/wp-json\/wp\/v2\/posts\/76\/revisions"}],"predecessor-version":[{"id":166,"href":"https:\/\/www.foodx.at\/blog\/wp-json\/wp\/v2\/posts\/76\/revisions\/166"}],"wp:attachment":[{"href":"https:\/\/www.foodx.at\/blog\/wp-json\/wp\/v2\/media?parent=76"}],"wp:term":[{"taxonomy":"category","embeddable":true,"href":"https:\/\/www.foodx.at\/blog\/wp-json\/wp\/v2\/categories?post=76"},{"taxonomy":"post_tag","embeddable":true,"href":"https:\/\/www.foodx.at\/blog\/wp-json\/wp\/v2\/tags?post=76"}],"curies":[{"name":"wp","href":"https:\/\/api.w.org\/{rel}","templated":true}]}}